{"id":1128,"date":"2026-08-21T10:15:22","date_gmt":"2026-08-21T08:15:22","guid":{"rendered":"https:\/\/associationpatrimoineetenvironnementwamin.com\/?p=1128"},"modified":"2026-08-21T14:01:17","modified_gmt":"2026-08-21T12:01:17","slug":"les-cafes-a-wamin","status":"publish","type":"post","link":"https:\/\/associationpatrimoineetenvironnementwamin.com\/index.php\/2026\/08\/21\/les-cafes-a-wamin\/","title":{"rendered":"LES CAF\u00c9S \u00c0 WAMIN"},"content":{"rendered":"\n<p class=\"wp-block-paragraph\">Alors qu\u2019au si\u00e8cle dernier, on comptait presque une dizaine&nbsp;de caf\u00e9s \u00e0 Wamin, aujourd\u2019hui, il n\u2019y en a plus aucun.<\/p>\n\n\n\n<p class=\"wp-block-paragraph\">Sur la photo ci-dessous, se trouvaient un caf\u00e9, une pompe \u00e0 essence et un mar\u00e9chal-ferrant qui, apr\u00e8s avoir longtemps ferr\u00e9 les chevaux, a r\u00e9par\u00e9 le mat\u00e9riel agricole dont l\u2019utilisation se d\u00e9veloppait.<\/p>\n\n\n\n<figure class=\"wp-block-image size-large\"><img loading=\"lazy\" decoding=\"async\" width=\"1024\" height=\"681\" src=\"https:\/\/associationpatrimoineetenvironnementwamin.com\/wp-content\/uploads\/2026\/08\/Cafei-Melun-et-station-essence-2-1024x681.jpg\" alt=\"caf\u00e9 Melun\" class=\"wp-image-1129\" srcset=\"https:\/\/associationpatrimoineetenvironnementwamin.com\/wp-content\/uploads\/2026\/08\/Cafei-Melun-et-station-essence-2-1024x681.jpg 1024w, https:\/\/associationpatrimoineetenvironnementwamin.com\/wp-content\/uploads\/2026\/08\/Cafei-Melun-et-station-essence-2-300x199.jpg 300w, https:\/\/associationpatrimoineetenvironnementwamin.com\/wp-content\/uploads\/2026\/08\/Cafei-Melun-et-station-essence-2-768x511.jpg 768w, https:\/\/associationpatrimoineetenvironnementwamin.com\/wp-content\/uploads\/2026\/08\/Cafei-Melun-et-station-essence-2-1536x1021.jpg 1536w, https:\/\/associationpatrimoineetenvironnementwamin.com\/wp-content\/uploads\/2026\/08\/Cafei-Melun-et-station-essence-2-2048x1362.jpg 2048w\" sizes=\"auto, (max-width: 1024px) 100vw, 1024px\" \/><\/figure>\n\n\n\n<p class=\"wp-block-paragraph\">Il n\u2019\u00e9tait pas rare que les caf\u00e9s servent aussi \u00e0 d\u2019autres commerces&nbsp;: \u00e9picerie, boucherie, buraliste, bourrelier, couturi\u00e8re, r\u00e9paration de v\u00e9los\u2026<\/p>\n\n\n\n<p class=\"wp-block-paragraph\">Le caf\u00e9 le plus important \u00e9tait situ\u00e9 au centre du village puisque c\u2019\u00e9tait aussi une boulangerie (voir le piquet d\u2019histoire sur la place en face de l\u2019\u00e9glise).<\/p>\n\n\n\n<p class=\"has-primary-color has-text-color has-link-color wp-elements-1 wp-block-paragraph\">S\u2019il n\u2019y a plus de caf\u00e9, il y a, aujourd&rsquo;hui, \u00e0 Wamin deux restaurants : Au Grand Air et le Chant du Grill, tous deux situ\u00e9s le long de la RN 928, nul doute, qu\u2019avant de boire un caf\u00e9, on vous y servira un tr\u00e8s bon repas\u00a0!<\/p>\n\n\n\n<p class=\"wp-block-paragraph\"><\/p>\n","protected":false},"excerpt":{"rendered":"<p>Alors qu\u2019au si\u00e8cle dernier, on comptait presque une dizaine&nbsp;de caf\u00e9s \u00e0 Wamin, aujourd\u2019hui, il n\u2019y en a plus aucun. Sur la photo ci-dessous, se trouvaient un caf\u00e9, une pompe \u00e0 essence et un mar\u00e9chal-ferrant qui, apr\u00e8s avoir longtemps ferr\u00e9 les chevaux, a r\u00e9par\u00e9 le mat\u00e9riel agricole dont l\u2019utilisation se d\u00e9veloppait. Il n\u2019\u00e9tait pas rare que [&hellip;]<\/p>\n","protected":false},"author":2,"featured_media":1130,"comment_status":"closed","ping_status":"","sticky":false,"template":"","format":"standard","meta":{"footnotes":""},"categories":[56],"tags":[],"class_list":["post-1128","post","type-post","status-publish","format-standard","has-post-thumbnail","hentry","category-piquets-dhistoire"],"_links":{"self":[{"href":"https:\/\/associationpatrimoineetenvironnementwamin.com\/index.php\/wp-json\/wp\/v2\/posts\/1128","targetHints":{"allow":["GET"]}}],"collection":[{"href":"https:\/\/associationpatrimoineetenvironnementwamin.com\/index.php\/wp-json\/wp\/v2\/posts"}],"about":[{"href":"https:\/\/associationpatrimoineetenvironnementwamin.com\/index.php\/wp-json\/wp\/v2\/types\/post"}],"author":[{"embeddable":true,"href":"https:\/\/associationpatrimoineetenvironnementwamin.com\/index.php\/wp-json\/wp\/v2\/users\/2"}],"replies":[{"embeddable":true,"href":"https:\/\/associationpatrimoineetenvironnementwamin.com\/index.php\/wp-json\/wp\/v2\/comments?post=1128"}],"version-history":[{"count":5,"href":"https:\/\/associationpatrimoineetenvironnementwamin.com\/index.php\/wp-json\/wp\/v2\/posts\/1128\/revisions"}],"predecessor-version":[{"id":1135,"href":"https:\/\/associationpatrimoineetenvironnementwamin.com\/index.php\/wp-json\/wp\/v2\/posts\/1128\/revisions\/1135"}],"wp:featuredmedia":[{"embeddable":true,"href":"https:\/\/associationpatrimoineetenvironnementwamin.com\/index.php\/wp-json\/wp\/v2\/media\/1130"}],"wp:attachment":[{"href":"https:\/\/associationpatrimoineetenvironnementwamin.com\/index.php\/wp-json\/wp\/v2\/media?parent=1128"}],"wp:term":[{"taxonomy":"category","embeddable":true,"href":"https:\/\/associationpatrimoineetenvironnementwamin.com\/index.php\/wp-json\/wp\/v2\/categories?post=1128"},{"taxonomy":"post_tag","embeddable":true,"href":"https:\/\/associationpatrimoineetenvironnementwamin.com\/index.php\/wp-json\/wp\/v2\/tags?post=1128"}],"curies":[{"name":"wp","href":"https:\/\/api.w.org\/{rel}","templated":true}]}}