{"id":1107,"date":"2026-08-17T17:07:47","date_gmt":"2026-08-17T15:07:47","guid":{"rendered":"https:\/\/associationpatrimoineetenvironnementwamin.com\/?p=1107"},"modified":"2026-08-17T17:25:21","modified_gmt":"2026-08-17T15:25:21","slug":"les-processions-a-wamin","status":"publish","type":"post","link":"https:\/\/associationpatrimoineetenvironnementwamin.com\/index.php\/2026\/08\/17\/les-processions-a-wamin\/","title":{"rendered":"LES PROCESSIONS \u00c0 WAMIN"},"content":{"rendered":"\n<p class=\"wp-block-paragraph\"><\/p>\n\n\n\n<p class=\"wp-block-paragraph\">Comme dans tous les villages, les processions avaient souvent lieu en deux occasions. \u00c0 la F\u00eate Dieu, que l\u2019on nomme aujourd\u2019hui \u00ab&nbsp;solennit\u00e9 du Saint Sacrement du Corps et du Sang du Christ&nbsp;\u00bb, et lors de la f\u00eate du saint patron de l\u2019\u00e9glise. \u00c0 Wamin, si l&rsquo;\u00e9glise a pour titulaire Notre Dame, sous le vocable de l&rsquo;Assomption, son saint patron est saint Laurent dont la f\u00eate est c\u00e9l\u00e9br\u00e9e le 10 ao\u00fbt.<\/p>\n\n\n\n<p class=\"has-primary-color has-text-color has-link-color wp-elements-1 wp-block-paragraph\">L&rsquo;\u00e9glise de Wamin a \u00e9t\u00e9 un lieu de p\u00e8lerinage d\u00e8s son origine. On invoquait saint Laurent, diacre et martyr, pour gu\u00e9rir de maux dermatologiques. \u00c0 cette occasion, tout le village se r\u00e9unissait \u00e0 l\u2019\u00e9glise avec une vingtaine de pr\u00eatres. Apr\u00e8s le d\u00e9jeuner au presbyt\u00e8re, ils conduisaient une procession vers la repr\u00e9sentation de la grotte de Lourdes (devant la mairie) puis remontaient la rue Noire pour se rendre devant le calvaire dont le Christ est un mod\u00e8le \u00ab\u00a0Bouchardon\u00a0\u00bb.<\/p>\n\n\n\n<p class=\"wp-block-paragraph\">Apr\u00e8s avoir chant\u00e9, les fid\u00e8les se rendaient \u00e0 l\u2019\u00e9glise pour la pri\u00e8re des v\u00eapres (pri\u00e8re du soir).<\/p>\n\n\n\n<p class=\"wp-block-paragraph\">Ensuite, la f\u00eate se terminait par un bal aussi important que celui organis\u00e9 pour la \u00ab&nbsp;ducasse&nbsp;\u00bb, l\u2019anniversaire de la d\u00e9dicace de l\u2019\u00e9glise, c\u00e9l\u00e9br\u00e9 en juillet.<\/p>\n\n\n\n<figure class=\"wp-block-image size-large\"><img loading=\"lazy\" decoding=\"async\" width=\"776\" height=\"1024\" src=\"https:\/\/associationpatrimoineetenvironnementwamin.com\/wp-content\/uploads\/2026\/08\/processions_2-776x1024.jpg\" alt=\"\" class=\"wp-image-1110\" srcset=\"https:\/\/associationpatrimoineetenvironnementwamin.com\/wp-content\/uploads\/2026\/08\/processions_2-776x1024.jpg 776w, https:\/\/associationpatrimoineetenvironnementwamin.com\/wp-content\/uploads\/2026\/08\/processions_2-227x300.jpg 227w, https:\/\/associationpatrimoineetenvironnementwamin.com\/wp-content\/uploads\/2026\/08\/processions_2-768x1014.jpg 768w, https:\/\/associationpatrimoineetenvironnementwamin.com\/wp-content\/uploads\/2026\/08\/processions_2-1163x1536.jpg 1163w, https:\/\/associationpatrimoineetenvironnementwamin.com\/wp-content\/uploads\/2026\/08\/processions_2-1551x2048.jpg 1551w, https:\/\/associationpatrimoineetenvironnementwamin.com\/wp-content\/uploads\/2026\/08\/processions_2-scaled.jpg 1939w\" sizes=\"auto, (max-width: 776px) 100vw, 776px\" \/><\/figure>\n","protected":false},"excerpt":{"rendered":"<p>Comme dans tous les villages, les processions avaient souvent lieu en deux occasions. \u00c0 la F\u00eate Dieu, que l\u2019on nomme aujourd\u2019hui \u00ab&nbsp;solennit\u00e9 du Saint Sacrement du Corps et du Sang du Christ&nbsp;\u00bb, et lors de la f\u00eate du saint patron de l\u2019\u00e9glise. \u00c0 Wamin, si l&rsquo;\u00e9glise a pour titulaire Notre Dame, sous le vocable de [&hellip;]<\/p>\n","protected":false},"author":2,"featured_media":1109,"comment_status":"closed","ping_status":"closed","sticky":false,"template":"","format":"standard","meta":{"footnotes":""},"categories":[56],"tags":[52],"class_list":["post-1107","post","type-post","status-publish","format-standard","has-post-thumbnail","hentry","category-piquets-dhistoire","tag-piquets-dhistoire"],"_links":{"self":[{"href":"https:\/\/associationpatrimoineetenvironnementwamin.com\/index.php\/wp-json\/wp\/v2\/posts\/1107","targetHints":{"allow":["GET"]}}],"collection":[{"href":"https:\/\/associationpatrimoineetenvironnementwamin.com\/index.php\/wp-json\/wp\/v2\/posts"}],"about":[{"href":"https:\/\/associationpatrimoineetenvironnementwamin.com\/index.php\/wp-json\/wp\/v2\/types\/post"}],"author":[{"embeddable":true,"href":"https:\/\/associationpatrimoineetenvironnementwamin.com\/index.php\/wp-json\/wp\/v2\/users\/2"}],"replies":[{"embeddable":true,"href":"https:\/\/associationpatrimoineetenvironnementwamin.com\/index.php\/wp-json\/wp\/v2\/comments?post=1107"}],"version-history":[{"count":3,"href":"https:\/\/associationpatrimoineetenvironnementwamin.com\/index.php\/wp-json\/wp\/v2\/posts\/1107\/revisions"}],"predecessor-version":[{"id":1115,"href":"https:\/\/associationpatrimoineetenvironnementwamin.com\/index.php\/wp-json\/wp\/v2\/posts\/1107\/revisions\/1115"}],"wp:featuredmedia":[{"embeddable":true,"href":"https:\/\/associationpatrimoineetenvironnementwamin.com\/index.php\/wp-json\/wp\/v2\/media\/1109"}],"wp:attachment":[{"href":"https:\/\/associationpatrimoineetenvironnementwamin.com\/index.php\/wp-json\/wp\/v2\/media?parent=1107"}],"wp:term":[{"taxonomy":"category","embeddable":true,"href":"https:\/\/associationpatrimoineetenvironnementwamin.com\/index.php\/wp-json\/wp\/v2\/categories?post=1107"},{"taxonomy":"post_tag","embeddable":true,"href":"https:\/\/associationpatrimoineetenvironnementwamin.com\/index.php\/wp-json\/wp\/v2\/tags?post=1107"}],"curies":[{"name":"wp","href":"https:\/\/api.w.org\/{rel}","templated":true}]}}