{"id":1102,"date":"2026-08-17T16:45:19","date_gmt":"2026-08-17T14:45:19","guid":{"rendered":"https:\/\/associationpatrimoineetenvironnementwamin.com\/?p=1102"},"modified":"2026-08-17T16:49:11","modified_gmt":"2026-08-17T14:49:11","slug":"le-patronage","status":"publish","type":"post","link":"https:\/\/associationpatrimoineetenvironnementwamin.com\/index.php\/2026\/08\/17\/le-patronage\/","title":{"rendered":"LE PATRONAGE"},"content":{"rendered":"\n<p class=\"wp-block-paragraph\">C\u2019est le nom que l\u2019on donne \u00e0 la maison devant laquelle vous vous trouvez.<\/p>\n\n\n\n<p class=\"wp-block-paragraph\">De taille modeste, elle est construite en brique, et comprenait un logement et une salle de classe. Vous remarquerez la petite statue de la Sainte Vierge qui surplombe une fen\u00eatre.<\/p>\n\n\n\n<p class=\"wp-block-paragraph\">C\u2019est le 8 mai 1864 que l\u2019abb\u00e9 Th\u00e9ophile Toursel, cur\u00e9 de Wamin de 1855 \u00e0 1866, s&rsquo;engageait devant la commune \u00e0 b\u00e2tir cette maison, \u00e0 cr\u00e9er une fondation pour l&rsquo;entretien de la maison et \u00e0 r\u00e9mun\u00e9rer une institutrice congr\u00e9ganiste.<\/p>\n\n\n\n<p class=\"wp-block-paragraph\">Le but\u00a0? Que les jeunes filles du village deviennent de bonnes chr\u00e9tiennes et d&rsquo;excellentes m\u00e8res de famille. Mais surtout, qu\u2019elles re\u00e7oivent un enseignement car l\u2019\u00e9cole n&rsquo;est devenue obligatoire qu\u2019en 1882. L\u2019abb\u00e9 \u00e9tait un pr\u00e9curseur\u00a0!<\/p>\n\n\n\n<p class=\"wp-block-paragraph\">Le 25 janvier 1866, le cur\u00e9 avait r\u00e9colt\u00e9 10 050 Francs pour acheter des rentes sur l&rsquo;\u00c9tat au nom de la Commune pour le traitement de l&rsquo;institutrice et l&rsquo;entretien de la maison.<\/p>\n\n\n\n<p class=\"wp-block-paragraph\">Monsieur Alfred Lefebvre de Gouy donna un terrain de 4 ares environ.<\/p>\n\n\n\n<p class=\"wp-block-paragraph\">Cette donation situait le lieu, la superficie, et mentionnait que cette maison ne pouvait avoir d&rsquo;autre usage qu&rsquo;une \u00e9cole et que si la commune optait pour un enseignement la\u00efque dans une autre \u00e9cole de filles, s&rsquo;il y avait impossibilit\u00e9 d&rsquo;\u00e9tablir une institutrice congr\u00e9gationniste, elle pourrait louer cette maison \u00ab\u00a0sous r\u00e9serve de ne pas l&#8217;employer \u00e0 usage de d\u00e9bit de boissons, commerce ou industrie \u00bb.<\/p>\n\n\n\n<p class=\"wp-block-paragraph\">C\u2019est ainsi que des s\u0153urs, Servantes de Marie de Bayonne, vinrent s\u2019installer et enseigner dans le village. D\u2019abord s\u0153ur Marie Elfrid qui arriva \u00e0 Wamin le 11 f\u00e9vrier 1869, pour un an puis ensuite s\u0153ur Marie Anicet. Leur pr\u00e9sence fut de courte dur\u00e9e puisque, en 1904 avec les lois sur la la\u00efcit\u00e9, l&rsquo;\u00e9cole des filles fut ferm\u00e9e et les religieuses expuls\u00e9es.<\/p>\n\n\n\n<p class=\"wp-block-paragraph\">Le b\u00e2timent fut remis \u00e0 Monsieur Gabriel de Gouy et \u00e0 sa s\u0153ur C\u00e9cile, vicomtesse Th\u00e9odore de Guillebon.<\/p>\n\n\n\n<p class=\"wp-block-paragraph\">Cette maison est rest\u00e9e la propri\u00e9t\u00e9 de la famille.<\/p>\n\n\n\n<p class=\"wp-block-paragraph\"><\/p>\n","protected":false},"excerpt":{"rendered":"<p>C\u2019est le nom que l\u2019on donne \u00e0 la maison devant laquelle vous vous trouvez. De taille modeste, elle est construite en brique, et comprenait un logement et une salle de classe. Vous remarquerez la petite statue de la Sainte Vierge qui surplombe une fen\u00eatre. C\u2019est le 8 mai 1864 que l\u2019abb\u00e9 Th\u00e9ophile Toursel, cur\u00e9 de [&hellip;]<\/p>\n","protected":false},"author":2,"featured_media":1103,"comment_status":"closed","ping_status":"closed","sticky":false,"template":"","format":"standard","meta":{"footnotes":""},"categories":[56],"tags":[52],"class_list":["post-1102","post","type-post","status-publish","format-standard","has-post-thumbnail","hentry","category-piquets-dhistoire","tag-piquets-dhistoire"],"_links":{"self":[{"href":"https:\/\/associationpatrimoineetenvironnementwamin.com\/index.php\/wp-json\/wp\/v2\/posts\/1102","targetHints":{"allow":["GET"]}}],"collection":[{"href":"https:\/\/associationpatrimoineetenvironnementwamin.com\/index.php\/wp-json\/wp\/v2\/posts"}],"about":[{"href":"https:\/\/associationpatrimoineetenvironnementwamin.com\/index.php\/wp-json\/wp\/v2\/types\/post"}],"author":[{"embeddable":true,"href":"https:\/\/associationpatrimoineetenvironnementwamin.com\/index.php\/wp-json\/wp\/v2\/users\/2"}],"replies":[{"embeddable":true,"href":"https:\/\/associationpatrimoineetenvironnementwamin.com\/index.php\/wp-json\/wp\/v2\/comments?post=1102"}],"version-history":[{"count":2,"href":"https:\/\/associationpatrimoineetenvironnementwamin.com\/index.php\/wp-json\/wp\/v2\/posts\/1102\/revisions"}],"predecessor-version":[{"id":1106,"href":"https:\/\/associationpatrimoineetenvironnementwamin.com\/index.php\/wp-json\/wp\/v2\/posts\/1102\/revisions\/1106"}],"wp:featuredmedia":[{"embeddable":true,"href":"https:\/\/associationpatrimoineetenvironnementwamin.com\/index.php\/wp-json\/wp\/v2\/media\/1103"}],"wp:attachment":[{"href":"https:\/\/associationpatrimoineetenvironnementwamin.com\/index.php\/wp-json\/wp\/v2\/media?parent=1102"}],"wp:term":[{"taxonomy":"category","embeddable":true,"href":"https:\/\/associationpatrimoineetenvironnementwamin.com\/index.php\/wp-json\/wp\/v2\/categories?post=1102"},{"taxonomy":"post_tag","embeddable":true,"href":"https:\/\/associationpatrimoineetenvironnementwamin.com\/index.php\/wp-json\/wp\/v2\/tags?post=1102"}],"curies":[{"name":"wp","href":"https:\/\/api.w.org\/{rel}","templated":true}]}}